{"id":4944,"date":"2023-04-13T17:15:44","date_gmt":"2023-04-13T17:15:44","guid":{"rendered":"https:\/\/www.ossandon.cl\/eng\/?p=4944"},"modified":"2023-04-27T19:52:32","modified_gmt":"2023-04-27T19:52:32","slug":"nueva-jornada-laboral","status":"publish","type":"post","link":"https:\/\/www.ossandon.cl\/eng\/nueva-jornada-laboral\/","title":{"rendered":"Nueva jornada laboral"},"content":{"rendered":"<p style=\"font-weight: 400;\">El Congreso Nacional aprob\u00f3 el pasado 11 de abril del 2023, el proyecto de ley que reduce de 45 a 40 horas semanales la jornada laboral, restando s\u00f3lo su promulgaci\u00f3n y publicaci\u00f3n.<\/p>\n<p style=\"font-weight: 400;\"><!--more--><\/p>\n<p style=\"font-weight: 400;\">La reducci\u00f3n ser\u00e1 de forma gradual y comenzar\u00e1 a implementarse a partir del 2024, a\u00f1o en que se disminuir\u00e1n a 44 horas semanales.<\/p>\n<p style=\"font-weight: 400;\">Para el a\u00f1o 2026 ser\u00e1n 42 horas, mientras que para el a\u00f1o 2028, 40 horas.<\/p>\n<p style=\"font-weight: 400;\">Sin perjuicio de esta gradualidad, las empresas podr\u00e1n comenzar a aplicar la reducci\u00f3n de la jornada antes de que ella sea exigible, pudiendo optar a la certificaci\u00f3n otorgada por el Ministerio del Trabajo \u201cSello 40 horas\u201d, y optar a los beneficios legales en materia de capacitaci\u00f3n y desarrollo de las competencias laborales de los trabajadores.<\/p>\n<p style=\"font-weight: 400;\">Es importante se\u00f1alar que la rebaja de la jornada en los t\u00e9rminos se\u00f1alados en la Ley, en ning\u00fan caso permite la reducci\u00f3n de las remuneraciones.<\/p>\n<p style=\"font-weight: 400;\">Otra innovaci\u00f3n incorporada en esta ley es aquella que permite que previo acuerdo entre trabajador y empleador, la jornada\u00a0se podr\u00e1 distribuir bajo el sistema de trabajo de 4&#215;3.<\/p>\n<p style=\"font-weight: 400;\">Entre otras materias, el proyecto tambi\u00e9n establece bandas horarias, las que podr\u00e1n ser adaptadas en una ventana de hasta 2 horas en el caso de trabajadores madres y padres de ni\u00f1os o ni\u00f1as de hasta 12 a\u00f1os, y tambi\u00e9n las personas que tengan el cuidado personal de \u00e9stos, dentro de las que podr\u00e1n anticipar o retrasar en 1 hora el comienzo de sus labores, lo que determinar\u00e1 tambi\u00e9n el horario de salida final de la jornada.<\/p>\n<p style=\"font-weight: 400;\">Otro tema importante, es que las modificaciones introducidas por esta futura ley relativas a la rebaja de la jornada de trabajo, se entender\u00e1n incorporadas en los contratos individuales, instrumentos colectivos de trabajo y reglamentos internos por el solo ministerio de la Ley, sin que sea necesaria su adecuaci\u00f3n para que las modificaciones introducidas cumplan sus efectos.<\/p>\n<p>Para m\u00e1s informaci\u00f3n y excepciones de la futura Ley, los invitamos a contactar a Juan Pablo Grant, socio del \u00e1rea laboral de Ossand\u00f3n Abogados.<\/p>\n","protected":false},"excerpt":{"rendered":"<p>El Congreso Nacional aprob\u00f3 el pasado 11 de abril del 2023, el proyecto de ley que reduce de 45 a 40 horas semanales la jornada laboral, restando s\u00f3lo su promulgaci\u00f3n y publicaci\u00f3n.<\/p>\n","protected":false},"author":2,"featured_media":4949,"comment_status":"open","ping_status":"open","sticky":false,"template":"","format":"standard","meta":{"footnotes":""},"categories":[2],"tags":[134,29,132,133,38,45,44],"_links":{"self":[{"href":"https:\/\/www.ossandon.cl\/eng\/wp-json\/wp\/v2\/posts\/4944"}],"collection":[{"href":"https:\/\/www.ossandon.cl\/eng\/wp-json\/wp\/v2\/posts"}],"about":[{"href":"https:\/\/www.ossandon.cl\/eng\/wp-json\/wp\/v2\/types\/post"}],"author":[{"embeddable":true,"href":"https:\/\/www.ossandon.cl\/eng\/wp-json\/wp\/v2\/users\/2"}],"replies":[{"embeddable":true,"href":"https:\/\/www.ossandon.cl\/eng\/wp-json\/wp\/v2\/comments?post=4944"}],"version-history":[{"count":1,"href":"https:\/\/www.ossandon.cl\/eng\/wp-json\/wp\/v2\/posts\/4944\/revisions"}],"predecessor-version":[{"id":4945,"href":"https:\/\/www.ossandon.cl\/eng\/wp-json\/wp\/v2\/posts\/4944\/revisions\/4945"}],"wp:featuredmedia":[{"embeddable":true,"href":"https:\/\/www.ossandon.cl\/eng\/wp-json\/wp\/v2\/media\/4949"}],"wp:attachment":[{"href":"https:\/\/www.ossandon.cl\/eng\/wp-json\/wp\/v2\/media?parent=4944"}],"wp:term":[{"taxonomy":"category","embeddable":true,"href":"https:\/\/www.ossandon.cl\/eng\/wp-json\/wp\/v2\/categories?post=4944"},{"taxonomy":"post_tag","embeddable":true,"href":"https:\/\/www.ossandon.cl\/eng\/wp-json\/wp\/v2\/tags?post=4944"}],"curies":[{"name":"wp","href":"https:\/\/api.w.org\/{rel}","templated":true}]}}